{"id":645,"date":"2018-02-01T12:07:58","date_gmt":"2018-02-01T11:07:58","guid":{"rendered":"https:\/\/apnexus.es\/principals-novetats-tributaries-en-lirpf-2018\/"},"modified":"2025-10-20T08:36:26","modified_gmt":"2025-10-20T08:36:26","slug":"principals-novetats-tributaries-en-lirpf-2018","status":"publish","type":"post","link":"https:\/\/apnexus.es\/ca\/principals-novetats-tributaries-en-lirpf-2018\/","title":{"rendered":"Principals novetats tribut\u00e0ries en l&#8217;IRPF 2018"},"content":{"rendered":"<p><strong>Principals novetats tribut\u00e0ries introdu\u00efdes pel Real Decreto 1074\/2017, de 29 de desembre pel qual es modifica el Reglament de l&#8217;Impost sobre la Renda de les Persones F\u00edsiques.<\/strong><\/p>\n<p><strong>Beques a l&#8217;estudi i de formaci\u00f3 d&#8217;investigadors<\/strong><br \/>\nAmb efectes a partir d&#8217;1 de gener de 2018, s&#8217;augmenten els imports exempts de les beques en les seg\u00fcents quanties:<br \/>\n\u00b7 Amb car\u00e0cter general, 6.000 euros anuals.<br \/>\n\u00b7 Quan la dotaci\u00f3 econ\u00f2mica tingui per objecte compensar despeses de transport i allotjament per a la realitzaci\u00f3 d&#8217;estudis reglats del sistema educatiu, fins al nivell de m\u00e0ster incl\u00f2s o equivalent, 18.000 euros anuals. Quan es tracti d&#8217;estudis a l&#8217;estranger, 21.000 euros anuals.<br \/>\n\u00b7 Si l&#8217;objecte de la beca \u00e9s la realitzaci\u00f3 d&#8217;estudis de doctorat, fins a un import m\u00e0xim de 21.000 euros anuals si es cursen a Espanya. Si s&#8217;efectuen a l&#8217;estranger, fins a un import m\u00e0xim de 24.600 euros anuals.<\/p>\n<p><strong>Despeses d&#8217;estudi per a la capacitaci\u00f3 o reciclatge del personal<\/strong><br \/>\nAmb efectes a partir d&#8217;1 de gener de 2017, s&#8217;amplien els sup\u00f2sits en qu\u00e8 no tindran la consideraci\u00f3 de retribucions en esp\u00e8cie els estudis disposats per institucions, empreses o ocupadors i finan\u00e7ats directa o indirectament ells per a l&#8217;actualitzaci\u00f3, capacitaci\u00f3 o reciclatge del seu personal, quan venja exigits pel desenvolupament de les seves activitats o les caracter\u00edstiques dels llocs de treball, fins i tot quan la seva prestaci\u00f3 efectiva s&#8217;efectu\u00ef per altres persones o entitats especialitzades.<br \/>\nDespr\u00e9s de la modificaci\u00f3, s&#8217;entendr\u00e0 que els estudis han estat disposat i finan\u00e7ats indirectament per l&#8217;empleat quan es financin per altres empreses o entitats que comercialitzin productes pels quals resulti necessari disposar d&#8217;una adequada formaci\u00f3 per part del treballador, sempre que l&#8217;ocupador autoritzi tal participaci\u00f3.<\/p>\n<p><strong>Rendiments del treball exempts per despeses per menjadors d&#8217;empresa<\/strong><br \/>\nAmb efectes a partir d&#8217;1 de gener de 2018, s&#8217;eleva la quantia di\u00e0ria exempta de les f\u00f3rmules indirectes de prestaci\u00f3 del servei de menjador, aix\u00f2 \u00e9s, els vals-menjades o documents similars, targetes o qualsevol altre mitj\u00e0 electr\u00f2nic de pagament que es lliuren al treballador per atendre aquesta necessitat.<br \/>\nL&#8217;import diari exempt s&#8217;eleva de 9 euros a 11 euros diaris.<\/p>\n<p><strong>M\u00ednim familiar per descendents<\/strong><br \/>\nAmb efectes a partir de l&#8217;1 de gener de 2017, s&#8217;assimilen als descendents, a l&#8217;efecte de l&#8217;aplicaci\u00f3 del m\u00ednim familiar per descendents, a m\u00e9s d&#8217;aquelles persones vinculades al contribuent per tutela o acolliment en els termes previstos en la legislaci\u00f3 civil, als qui tinguin atribu\u00efda per resoluci\u00f3 judicial la seva guarda i cust\u00f2dia.<\/p>\n<p><strong>Rectificaci\u00f3 d&#8217;autoliquidacions<\/strong><br \/>\nS&#8217;introdueix una nova via per presentar sol\u00b7licitud de rectificaci\u00f3 d&#8217;autoliquidaci\u00f3 amb la qual esmenar un error que hagu\u00e9s perjudicat a l&#8217;obligat tributari utilitzant el propi model de declaraci\u00f3.<br \/>\nAquest procediment, en el cas que l&#8217;Administraci\u00f3 es limiti a contrastar la documentaci\u00f3 presentada per l&#8217;interessat amb les dades i antecedents existents al seu poder i acordi rectificar l&#8217;autoliquidaci\u00f3 en els termes sol\u00b7licitats pel contribuent, tindr\u00e0 les seg\u00fcents especialitats respecte de les normes generals previstes per als procediments de gesti\u00f3:<br \/>\n\u00b7 Al no realitzar-se actuacions formals de comprovaci\u00f3, l&#8217;acord estimatori no tindr\u00e0 l&#8217;efecte de tancament a ulteriors comprovacions, aix\u00f2 \u00e9s, no impedir\u00e0 la posterior comprovaci\u00f3 objecto del procediment.<br \/>\n\u00b7 Si l&#8217;acord don\u00e9s lloc a una devoluci\u00f3 i no proced\u00eds l&#8217;abonament d&#8217;interessos de demora, no hi ha necessitat que l&#8217;Administraci\u00f3 tribut\u00e0ria efectu\u00ef una liquidaci\u00f3 provisional, sin\u00f3 que s&#8217;entendr\u00e0 notificat aquest acord per la recepci\u00f3 de la transfer\u00e8ncia banc\u00e0ria.<\/p>\n<p><strong>Retencions<\/strong><br \/>\nCom a conseq\u00fc\u00e8ncia de la consideraci\u00f3 de guany patrimonial de la transmissi\u00f3 de drets de subscripci\u00f3 a partir d&#8217;1 de gener de 2017, es regulen les retencions a practicar:<br \/>\n1. Estan subjectes a retenci\u00f3 els guanys patrimonials derivades de la transmissi\u00f3 dels drets de subscripci\u00f3 previstes en les lletres a) i b) de l&#8217;apartat 1 de l&#8217;article 37 LIRPF.<br \/>\n2. Estaran obligats a retenir o ingressar a compte, l&#8217;entitat diposit\u00e0ria i, en defecte d&#8217;aix\u00f2, l&#8217;intermediari financer o el fedatari p\u00fablic que hagi intervingut en la transmissi\u00f3.<br \/>\n3. L&#8217;obligaci\u00f3 de practicar retenci\u00f3 o ingr\u00e9s a compte naixer\u00e0 al moment en qu\u00e8 es formalitzi la transmissi\u00f3, qualssevol que siguin les condicions de cobrament pactades. Quan l&#8217;obligaci\u00f3 recaigui en l&#8217;entitat diposit\u00e0ria, aquesta practicar\u00e0 retenci\u00f3 o ingr\u00e9s a compte en la data en qu\u00e8 rebi l&#8217;import de la transmissi\u00f3 per al seu lliurament al contribuent.<br \/>\n4. La retenci\u00f3 a practicar ser\u00e0 el 19 per cent<\/p>\n","protected":false},"excerpt":{"rendered":"<p>Principals novetats tribut\u00e0ries introdu\u00efdes pel Real Decreto 1074\/2017, de 29 de desembre pel qual es modifica el Reglament de l&#8217;Impost sobre la Renda de les Persones F\u00edsiques. Beques a l&#8217;estudi i de formaci\u00f3 d&#8217;investigadors Amb efectes a partir d&#8217;1 de gener de 2018, s&#8217;augmenten els imports exempts de les beques en les seg\u00fcents quanties: \u00b7 [&hellip;]<\/p>\n","protected":false},"author":3,"featured_media":0,"comment_status":"closed","ping_status":"closed","sticky":false,"template":"","format":"standard","meta":{"site-sidebar-layout":"default","site-content-layout":"","ast-site-content-layout":"default","site-content-style":"default","site-sidebar-style":"default","ast-global-header-display":"","ast-banner-title-visibility":"","ast-main-header-display":"","ast-hfb-above-header-display":"","ast-hfb-below-header-display":"","ast-hfb-mobile-header-display":"","site-post-title":"","ast-breadcrumbs-content":"","ast-featured-img":"","footer-sml-layout":"","theme-transparent-header-meta":"default","adv-header-id-meta":"","stick-header-meta":"","header-above-stick-meta":"","header-main-stick-meta":"","header-below-stick-meta":"","astra-migrate-meta-layouts":"set","ast-page-background-enabled":"default","ast-page-background-meta":{"desktop":{"background-color":"var(--ast-global-color-4)","background-image":"","background-repeat":"repeat","background-position":"center center","background-size":"auto","background-attachment":"scroll","background-type":"","background-media":"","overlay-type":"","overlay-color":"","overlay-opacity":"","overlay-gradient":""},"tablet":{"background-color":"","background-image":"","background-repeat":"repeat","background-position":"center center","background-size":"auto","background-attachment":"scroll","background-type":"","background-media":"","overlay-type":"","overlay-color":"","overlay-opacity":"","overlay-gradient":""},"mobile":{"background-color":"","background-image":"","background-repeat":"repeat","background-position":"center center","background-size":"auto","background-attachment":"scroll","background-type":"","background-media":"","overlay-type":"","overlay-color":"","overlay-opacity":"","overlay-gradient":""}},"ast-content-background-meta":{"desktop":{"background-color":"var(--ast-global-color-5)","background-image":"","background-repeat":"repeat","background-position":"center center","background-size":"auto","background-attachment":"scroll","background-type":"","background-media":"","overlay-type":"","overlay-color":"","overlay-opacity":"","overlay-gradient":""},"tablet":{"background-color":"var(--ast-global-color-5)","background-image":"","background-repeat":"repeat","background-position":"center center","background-size":"auto","background-attachment":"scroll","background-type":"","background-media":"","overlay-type":"","overlay-color":"","overlay-opacity":"","overlay-gradient":""},"mobile":{"background-color":"var(--ast-global-color-5)","background-image":"","background-repeat":"repeat","background-position":"center center","background-size":"auto","background-attachment":"scroll","background-type":"","background-media":"","overlay-type":"","overlay-color":"","overlay-opacity":"","overlay-gradient":""}},"footnotes":""},"categories":[],"tags":[],"class_list":["post-645","post","type-post","status-publish","format-standard","hentry"],"_links":{"self":[{"href":"https:\/\/apnexus.es\/ca\/wp-json\/wp\/v2\/posts\/645","targetHints":{"allow":["GET"]}}],"collection":[{"href":"https:\/\/apnexus.es\/ca\/wp-json\/wp\/v2\/posts"}],"about":[{"href":"https:\/\/apnexus.es\/ca\/wp-json\/wp\/v2\/types\/post"}],"author":[{"embeddable":true,"href":"https:\/\/apnexus.es\/ca\/wp-json\/wp\/v2\/users\/3"}],"replies":[{"embeddable":true,"href":"https:\/\/apnexus.es\/ca\/wp-json\/wp\/v2\/comments?post=645"}],"version-history":[{"count":2,"href":"https:\/\/apnexus.es\/ca\/wp-json\/wp\/v2\/posts\/645\/revisions"}],"predecessor-version":[{"id":1286,"href":"https:\/\/apnexus.es\/ca\/wp-json\/wp\/v2\/posts\/645\/revisions\/1286"}],"wp:attachment":[{"href":"https:\/\/apnexus.es\/ca\/wp-json\/wp\/v2\/media?parent=645"}],"wp:term":[{"taxonomy":"category","embeddable":true,"href":"https:\/\/apnexus.es\/ca\/wp-json\/wp\/v2\/categories?post=645"},{"taxonomy":"post_tag","embeddable":true,"href":"https:\/\/apnexus.es\/ca\/wp-json\/wp\/v2\/tags?post=645"}],"curies":[{"name":"wp","href":"https:\/\/api.w.org\/{rel}","templated":true}]}}