{"id":635,"date":"2018-02-02T13:14:51","date_gmt":"2018-02-02T12:14:51","guid":{"rendered":"https:\/\/apnexus.es\/cotitzacio-2018-al-regim-especial-treballadors-autonoms\/"},"modified":"2025-10-20T08:36:20","modified_gmt":"2025-10-20T08:36:20","slug":"cotitzacio-2018-al-regim-especial-treballadors-autonoms","status":"publish","type":"post","link":"https:\/\/apnexus.es\/ca\/cotitzacio-2018-al-regim-especial-treballadors-autonoms\/","title":{"rendered":"Cotitzaci\u00f3 2018 al R\u00e8gim Especial Treballadors Aut\u00f2noms"},"content":{"rendered":"<p>A partir de l&#8217;1 de gener de 2018, les bases i els tipus de cotitzaci\u00f3 per conting\u00e8ncies comunes en aquest r\u00e8gim especial seran els seg\u00fcents:<\/p>\n<p>1. Tipus de cotitzaci\u00f3 per conting\u00e8ncies comunes: el 29,80 per cent. Si l&#8217;interessat est\u00e0 acollit a la protecci\u00f3 per conting\u00e8ncies professionals o per cessament d&#8217;activitat ser\u00e0 el 29,30 per cent.<\/p>\n<p>Quan el treballador per compte propi o aut\u00f2nom no tingui en dit r\u00e8gim la protecci\u00f3 per incapacitat temporal, el tipus de cotitzaci\u00f3 ser\u00e0 el 26,50 per cent.<\/p>\n<p>Els treballadors inclosos en aquets r\u00e8gim especial que no tinguin coberta la protecci\u00f3 dispensada a les conting\u00e8ncies derivades d&#8217;accidents de treball i malalties professionals efectuaran una cotitzaci\u00f3 addicional equivalent al 0,10 per cent, aplicat sobre la base de cotitzaci\u00f3 escollida, pel finan\u00e7ament de les prestacions previstes en els cap\u00edtols VIII i IX del t\u00edtol II de la Ley General de la Seguridad Social.<\/p>\n<p>2. Bases de cotitzaci\u00f3:<\/p>\n<p>Base m\u00ednima de cotitzaci\u00f3: 919,80 euros mensuals.<br \/>\nBase m\u00e0xima de cotitzaci\u00f3: 3.751,20 euros mensuals.<\/p>\n","protected":false},"excerpt":{"rendered":"<p>A partir de l&#8217;1 de gener de 2018, les bases i els tipus de cotitzaci\u00f3 per conting\u00e8ncies comunes en aquest r\u00e8gim especial seran els seg\u00fcents: 1. Tipus de cotitzaci\u00f3 per conting\u00e8ncies comunes: el 29,80 per cent. Si l&#8217;interessat est\u00e0 acollit a la protecci\u00f3 per conting\u00e8ncies professionals o per cessament d&#8217;activitat ser\u00e0 el 29,30 per cent. [&hellip;]<\/p>\n","protected":false},"author":3,"featured_media":0,"comment_status":"closed","ping_status":"closed","sticky":false,"template":"","format":"standard","meta":{"site-sidebar-layout":"default","site-content-layout":"","ast-site-content-layout":"default","site-content-style":"default","site-sidebar-style":"default","ast-global-header-display":"","ast-banner-title-visibility":"","ast-main-header-display":"","ast-hfb-above-header-display":"","ast-hfb-below-header-display":"","ast-hfb-mobile-header-display":"","site-post-title":"","ast-breadcrumbs-content":"","ast-featured-img":"","footer-sml-layout":"","theme-transparent-header-meta":"default","adv-header-id-meta":"","stick-header-meta":"","header-above-stick-meta":"","header-main-stick-meta":"","header-below-stick-meta":"","astra-migrate-meta-layouts":"set","ast-page-background-enabled":"default","ast-page-background-meta":{"desktop":{"background-color":"var(--ast-global-color-4)","background-image":"","background-repeat":"repeat","background-position":"center center","background-size":"auto","background-attachment":"scroll","background-type":"","background-media":"","overlay-type":"","overlay-color":"","overlay-opacity":"","overlay-gradient":""},"tablet":{"background-color":"","background-image":"","background-repeat":"repeat","background-position":"center center","background-size":"auto","background-attachment":"scroll","background-type":"","background-media":"","overlay-type":"","overlay-color":"","overlay-opacity":"","overlay-gradient":""},"mobile":{"background-color":"","background-image":"","background-repeat":"repeat","background-position":"center center","background-size":"auto","background-attachment":"scroll","background-type":"","background-media":"","overlay-type":"","overlay-color":"","overlay-opacity":"","overlay-gradient":""}},"ast-content-background-meta":{"desktop":{"background-color":"var(--ast-global-color-5)","background-image":"","background-repeat":"repeat","background-position":"center center","background-size":"auto","background-attachment":"scroll","background-type":"","background-media":"","overlay-type":"","overlay-color":"","overlay-opacity":"","overlay-gradient":""},"tablet":{"background-color":"var(--ast-global-color-5)","background-image":"","background-repeat":"repeat","background-position":"center center","background-size":"auto","background-attachment":"scroll","background-type":"","background-media":"","overlay-type":"","overlay-color":"","overlay-opacity":"","overlay-gradient":""},"mobile":{"background-color":"var(--ast-global-color-5)","background-image":"","background-repeat":"repeat","background-position":"center center","background-size":"auto","background-attachment":"scroll","background-type":"","background-media":"","overlay-type":"","overlay-color":"","overlay-opacity":"","overlay-gradient":""}},"footnotes":""},"categories":[],"tags":[],"class_list":["post-635","post","type-post","status-publish","format-standard","hentry"],"_links":{"self":[{"href":"https:\/\/apnexus.es\/ca\/wp-json\/wp\/v2\/posts\/635","targetHints":{"allow":["GET"]}}],"collection":[{"href":"https:\/\/apnexus.es\/ca\/wp-json\/wp\/v2\/posts"}],"about":[{"href":"https:\/\/apnexus.es\/ca\/wp-json\/wp\/v2\/types\/post"}],"author":[{"embeddable":true,"href":"https:\/\/apnexus.es\/ca\/wp-json\/wp\/v2\/users\/3"}],"replies":[{"embeddable":true,"href":"https:\/\/apnexus.es\/ca\/wp-json\/wp\/v2\/comments?post=635"}],"version-history":[{"count":1,"href":"https:\/\/apnexus.es\/ca\/wp-json\/wp\/v2\/posts\/635\/revisions"}],"predecessor-version":[{"id":1277,"href":"https:\/\/apnexus.es\/ca\/wp-json\/wp\/v2\/posts\/635\/revisions\/1277"}],"wp:attachment":[{"href":"https:\/\/apnexus.es\/ca\/wp-json\/wp\/v2\/media?parent=635"}],"wp:term":[{"taxonomy":"category","embeddable":true,"href":"https:\/\/apnexus.es\/ca\/wp-json\/wp\/v2\/categories?post=635"},{"taxonomy":"post_tag","embeddable":true,"href":"https:\/\/apnexus.es\/ca\/wp-json\/wp\/v2\/tags?post=635"}],"curies":[{"name":"wp","href":"https:\/\/api.w.org\/{rel}","templated":true}]}}