{"id":611,"date":"2015-10-26T13:58:00","date_gmt":"2015-10-26T12:58:00","guid":{"rendered":"https:\/\/apnexus.es\/millores-pels-autonoms-llei-312015\/"},"modified":"2025-10-20T08:37:11","modified_gmt":"2025-10-20T08:37:11","slug":"millores-pels-autonoms-llei-312015","status":"publish","type":"post","link":"https:\/\/apnexus.es\/ca\/millores-pels-autonoms-llei-312015\/","title":{"rendered":"Millores pels Aut\u00f2noms &#8211; Llei 31\/2015"},"content":{"rendered":"<p><strong>1. TARIFA PLANA.<\/strong><\/p>\n<ul>\n<li style=\"list-style-type: none;\">\n<ul>Els nous aut\u00f2noms podran tenir una quota fixa de 50 euros al mes durant els primers sis mesos, amb un sistema de bonificacions progressives.<\/ul>\n<\/li>\n<\/ul>\n<p>&nbsp;<\/p>\n<ul>Tamb\u00e9 podran sol\u00b7licitar-la els aut\u00f2noms que contractin treballadors.<\/ul>\n<p><strong>2. CAPITALITZACI\u00d3 DE L&#8217;ATUR.<\/strong><\/p>\n<ul>Ja no hi ha l\u00edmit d&#8217;edat per demanar el 100% de la prestaci\u00f3 per atur per financiar la posta en marxa d&#8217;un negoci.<\/ul>\n<p><strong>3. ALTA EN AUT\u00d2NOMS I CONTINUAR COBRANT L&#8217;ATUR.<\/strong><\/p>\n<ul>Es possible donar-se d&#8217;alta en aut\u00f2noms mentre es segueix cobrant l&#8217;atur, durant un m\u00e0xim de 9 mesos.<\/ul>\n<p><strong>4. SEGONA OPORTUNITAT.<\/strong><\/p>\n<ul>Si un treballador que est\u00e0 cobrant l&#8217;atur es dona d&#8217;alta en aut\u00f2noms, podr\u00e0 demanar que se li guardi la prestaci\u00f3 que tingui pendent i reuperar-la fins a 5 anys despr\u00e9s, si es veu obligat a donar-se de baixa perqu\u00e8 el seu negoci no surt endevant.<\/ul>\n<p><strong>5. ALTRES NOVETATS.<\/strong><\/p>\n<ul>Noves reduccions i bonificacions a la Seguretat Social. Incentius en la afiliaci\u00f3 de familiars col\u00b7laboradors. M\u00e9s drets pels TRADE.<\/ul>\n<p><a href=\"http:\/\/www.boe.es\/boe\/dias\/2015\/09\/10\/pdfs\/BOE-A-2015-9735.pdf\">Acc\u00e9s al BOE<\/a><\/p>\n","protected":false},"excerpt":{"rendered":"<p>1. TARIFA PLANA. Els nous aut\u00f2noms podran tenir una quota fixa de 50 euros al mes durant els primers sis mesos, amb un sistema de bonificacions progressives. &nbsp; Tamb\u00e9 podran sol\u00b7licitar-la els aut\u00f2noms que contractin treballadors. 2. CAPITALITZACI\u00d3 DE L&#8217;ATUR. Ja no hi ha l\u00edmit d&#8217;edat per demanar el 100% de la prestaci\u00f3 per atur [&hellip;]<\/p>\n","protected":false},"author":3,"featured_media":0,"comment_status":"closed","ping_status":"closed","sticky":false,"template":"","format":"standard","meta":{"site-sidebar-layout":"default","site-content-layout":"","ast-site-content-layout":"default","site-content-style":"default","site-sidebar-style":"default","ast-global-header-display":"","ast-banner-title-visibility":"","ast-main-header-display":"","ast-hfb-above-header-display":"","ast-hfb-below-header-display":"","ast-hfb-mobile-header-display":"","site-post-title":"","ast-breadcrumbs-content":"","ast-featured-img":"","footer-sml-layout":"","theme-transparent-header-meta":"default","adv-header-id-meta":"","stick-header-meta":"","header-above-stick-meta":"","header-main-stick-meta":"","header-below-stick-meta":"","astra-migrate-meta-layouts":"set","ast-page-background-enabled":"default","ast-page-background-meta":{"desktop":{"background-color":"var(--ast-global-color-4)","background-image":"","background-repeat":"repeat","background-position":"center center","background-size":"auto","background-attachment":"scroll","background-type":"","background-media":"","overlay-type":"","overlay-color":"","overlay-opacity":"","overlay-gradient":""},"tablet":{"background-color":"","background-image":"","background-repeat":"repeat","background-position":"center center","background-size":"auto","background-attachment":"scroll","background-type":"","background-media":"","overlay-type":"","overlay-color":"","overlay-opacity":"","overlay-gradient":""},"mobile":{"background-color":"","background-image":"","background-repeat":"repeat","background-position":"center center","background-size":"auto","background-attachment":"scroll","background-type":"","background-media":"","overlay-type":"","overlay-color":"","overlay-opacity":"","overlay-gradient":""}},"ast-content-background-meta":{"desktop":{"background-color":"var(--ast-global-color-5)","background-image":"","background-repeat":"repeat","background-position":"center center","background-size":"auto","background-attachment":"scroll","background-type":"","background-media":"","overlay-type":"","overlay-color":"","overlay-opacity":"","overlay-gradient":""},"tablet":{"background-color":"var(--ast-global-color-5)","background-image":"","background-repeat":"repeat","background-position":"center center","background-size":"auto","background-attachment":"scroll","background-type":"","background-media":"","overlay-type":"","overlay-color":"","overlay-opacity":"","overlay-gradient":""},"mobile":{"background-color":"var(--ast-global-color-5)","background-image":"","background-repeat":"repeat","background-position":"center center","background-size":"auto","background-attachment":"scroll","background-type":"","background-media":"","overlay-type":"","overlay-color":"","overlay-opacity":"","overlay-gradient":""}},"footnotes":""},"categories":[],"tags":[],"class_list":["post-611","post","type-post","status-publish","format-standard","hentry"],"_links":{"self":[{"href":"https:\/\/apnexus.es\/ca\/wp-json\/wp\/v2\/posts\/611","targetHints":{"allow":["GET"]}}],"collection":[{"href":"https:\/\/apnexus.es\/ca\/wp-json\/wp\/v2\/posts"}],"about":[{"href":"https:\/\/apnexus.es\/ca\/wp-json\/wp\/v2\/types\/post"}],"author":[{"embeddable":true,"href":"https:\/\/apnexus.es\/ca\/wp-json\/wp\/v2\/users\/3"}],"replies":[{"embeddable":true,"href":"https:\/\/apnexus.es\/ca\/wp-json\/wp\/v2\/comments?post=611"}],"version-history":[{"count":1,"href":"https:\/\/apnexus.es\/ca\/wp-json\/wp\/v2\/posts\/611\/revisions"}],"predecessor-version":[{"id":1283,"href":"https:\/\/apnexus.es\/ca\/wp-json\/wp\/v2\/posts\/611\/revisions\/1283"}],"wp:attachment":[{"href":"https:\/\/apnexus.es\/ca\/wp-json\/wp\/v2\/media?parent=611"}],"wp:term":[{"taxonomy":"category","embeddable":true,"href":"https:\/\/apnexus.es\/ca\/wp-json\/wp\/v2\/categories?post=611"},{"taxonomy":"post_tag","embeddable":true,"href":"https:\/\/apnexus.es\/ca\/wp-json\/wp\/v2\/tags?post=611"}],"curies":[{"name":"wp","href":"https:\/\/api.w.org\/{rel}","templated":true}]}}