{"id":594,"date":"2015-10-26T12:47:02","date_gmt":"2015-10-26T11:47:02","guid":{"rendered":"https:\/\/apnexus.es\/estatuto-de-los-trabajadores-i-ley-de-empleo\/"},"modified":"2025-10-20T08:37:20","modified_gmt":"2025-10-20T08:37:20","slug":"estatuto-de-los-trabajadores-i-ley-de-empleo","status":"publish","type":"post","link":"https:\/\/apnexus.es\/ca\/estatuto-de-los-trabajadores-i-ley-de-empleo\/","title":{"rendered":"Estatut dels Treballadors i Llei d&#8217;Ocupaci\u00f3"},"content":{"rendered":"<p><a href=\"http:\/\/www.boe.es\/boe\/dias\/2015\/10\/24\/pdfs\/BOE-A-2015-11430.pdf\">Real Decreto Legislativo 2\/2015, de 23 de octubre, por el que se aprueba el texto refundido de la Ley del Estatuto de los Trabajadores.<br \/>\n<\/a><br \/>\n<a href=\"http:\/\/www.boe.es\/boe\/dias\/2015\/10\/24\/pdfs\/BOE-A-2015-11431.pdf\">Real Decreto Legislativo 3\/2015, de 23 de octubre, por el que se aprueba el texto refundido de la Ley de Empleo.<br \/>\n<\/a><br \/>\nMINISTERI D&#8217;OCUPACI\u00d3 I SEGURETAT SOCIAL &#8211; BOE 24\/10\/2015<br \/>\nLa Llei 20\/2014 autoritz\u00e0 al Govern Espanyol a aprovar un text ref\u00f3s en el que s&#8217;integressin, degudament regularitzades, aclarides i armonitzades, el text ref\u00f3s de la Llei de l&#8217;Estatut dels Treballadors i de la Llei d&#8217;Ocupaci\u00f3. El termini per a la realitzaci\u00f3 del text era de dotze mesos a partir de l&#8217;entrada en vigor de la citada Llei 20\/2014, que va tenir lloc el 31 d&#8217;octubre de 2014.<br \/>\nAquests reials decrets legislatius han estat sotmesos a consulta de les organitzacions sindicals i empresarials mes representatives. A mes, han estat informats pel Consell Econ\u00f2mic i Social.<br \/>\nEn la seva virtud, a proposta de la <em>Ministra de Empleo y Seguridad Social<\/em>, d&#8217;acord amb el Consell d&#8217;Estat i pr\u00e8via deliberaci\u00f3 del Consell de Ministres en la seva reuni\u00f3 del d\u00eda 23 d&#8217;octubre de 2015, es van aprobar les dues normes.<\/p>\n","protected":false},"excerpt":{"rendered":"<p>Real Decreto Legislativo 2\/2015, de 23 de octubre, por el que se aprueba el texto refundido de la Ley del Estatuto de los Trabajadores. Real Decreto Legislativo 3\/2015, de 23 de octubre, por el que se aprueba el texto refundido de la Ley de Empleo. MINISTERI D&#8217;OCUPACI\u00d3 I SEGURETAT SOCIAL &#8211; BOE 24\/10\/2015 La Llei [&hellip;]<\/p>\n","protected":false},"author":3,"featured_media":0,"comment_status":"closed","ping_status":"closed","sticky":false,"template":"","format":"standard","meta":{"site-sidebar-layout":"default","site-content-layout":"","ast-site-content-layout":"default","site-content-style":"default","site-sidebar-style":"default","ast-global-header-display":"","ast-banner-title-visibility":"","ast-main-header-display":"","ast-hfb-above-header-display":"","ast-hfb-below-header-display":"","ast-hfb-mobile-header-display":"","site-post-title":"","ast-breadcrumbs-content":"","ast-featured-img":"","footer-sml-layout":"","theme-transparent-header-meta":"default","adv-header-id-meta":"","stick-header-meta":"","header-above-stick-meta":"","header-main-stick-meta":"","header-below-stick-meta":"","astra-migrate-meta-layouts":"set","ast-page-background-enabled":"default","ast-page-background-meta":{"desktop":{"background-color":"var(--ast-global-color-4)","background-image":"","background-repeat":"repeat","background-position":"center center","background-size":"auto","background-attachment":"scroll","background-type":"","background-media":"","overlay-type":"","overlay-color":"","overlay-opacity":"","overlay-gradient":""},"tablet":{"background-color":"","background-image":"","background-repeat":"repeat","background-position":"center center","background-size":"auto","background-attachment":"scroll","background-type":"","background-media":"","overlay-type":"","overlay-color":"","overlay-opacity":"","overlay-gradient":""},"mobile":{"background-color":"","background-image":"","background-repeat":"repeat","background-position":"center center","background-size":"auto","background-attachment":"scroll","background-type":"","background-media":"","overlay-type":"","overlay-color":"","overlay-opacity":"","overlay-gradient":""}},"ast-content-background-meta":{"desktop":{"background-color":"var(--ast-global-color-5)","background-image":"","background-repeat":"repeat","background-position":"center center","background-size":"auto","background-attachment":"scroll","background-type":"","background-media":"","overlay-type":"","overlay-color":"","overlay-opacity":"","overlay-gradient":""},"tablet":{"background-color":"var(--ast-global-color-5)","background-image":"","background-repeat":"repeat","background-position":"center center","background-size":"auto","background-attachment":"scroll","background-type":"","background-media":"","overlay-type":"","overlay-color":"","overlay-opacity":"","overlay-gradient":""},"mobile":{"background-color":"var(--ast-global-color-5)","background-image":"","background-repeat":"repeat","background-position":"center center","background-size":"auto","background-attachment":"scroll","background-type":"","background-media":"","overlay-type":"","overlay-color":"","overlay-opacity":"","overlay-gradient":""}},"footnotes":""},"categories":[],"tags":[],"class_list":["post-594","post","type-post","status-publish","format-standard","hentry"],"_links":{"self":[{"href":"https:\/\/apnexus.es\/ca\/wp-json\/wp\/v2\/posts\/594","targetHints":{"allow":["GET"]}}],"collection":[{"href":"https:\/\/apnexus.es\/ca\/wp-json\/wp\/v2\/posts"}],"about":[{"href":"https:\/\/apnexus.es\/ca\/wp-json\/wp\/v2\/types\/post"}],"author":[{"embeddable":true,"href":"https:\/\/apnexus.es\/ca\/wp-json\/wp\/v2\/users\/3"}],"replies":[{"embeddable":true,"href":"https:\/\/apnexus.es\/ca\/wp-json\/wp\/v2\/comments?post=594"}],"version-history":[{"count":1,"href":"https:\/\/apnexus.es\/ca\/wp-json\/wp\/v2\/posts\/594\/revisions"}],"predecessor-version":[{"id":1284,"href":"https:\/\/apnexus.es\/ca\/wp-json\/wp\/v2\/posts\/594\/revisions\/1284"}],"wp:attachment":[{"href":"https:\/\/apnexus.es\/ca\/wp-json\/wp\/v2\/media?parent=594"}],"wp:term":[{"taxonomy":"category","embeddable":true,"href":"https:\/\/apnexus.es\/ca\/wp-json\/wp\/v2\/categories?post=594"},{"taxonomy":"post_tag","embeddable":true,"href":"https:\/\/apnexus.es\/ca\/wp-json\/wp\/v2\/tags?post=594"}],"curies":[{"name":"wp","href":"https:\/\/api.w.org\/{rel}","templated":true}]}}